{"id":9567,"date":"2021-09-15T13:49:02","date_gmt":"2021-09-15T13:49:02","guid":{"rendered":"https:\/\/estetica-equilibrium.com\/organic-mindfulness-ritual\/"},"modified":"2026-03-14T14:25:40","modified_gmt":"2026-03-14T14:25:40","slug":"organic-mindfulness-ritual","status":"publish","type":"post","link":"https:\/\/estetica-equilibrium.com\/ca\/organic-mindfulness-ritual\/","title":{"rendered":"Organic Mindfulness Ritual"},"content":{"rendered":"\n<p>Ritual sensorial facial i corporal que alliberar\u00e0 les tensions corporals acumulades i retornar\u00e0 al rostre tota la seva lluminositat i joventut. Combinant el massatge arom\u00e0tic corporal amb el tractament exclusiu efecte l\u00edfting facial, aquest ritual exclusiu i \u00fanic permetr\u00e0 al cos i al rostre experimentar un nou ren\u00e0ixer. 100% Vegan &amp; Organic, durada 90 minuts.  <\/p>\n","protected":false},"excerpt":{"rendered":"<p>Ens complau oferir aquest ritual combinant el nostre millor tractament de rostre i cos, un collage de textures, de frag\u00e0ncies, de maniobres i sensacions. Un motiu per estimar el teu cos i dedicar-li tota l\u2019atenci\u00f3 que mereix. \u00c9s una ocasi\u00f3 per experimentar l\u2019energia d\u2019un massatge que transforma el teu estat d\u2019\u00e0nim. \u00c9s m\u00e0gia que transforma la teva pell. Proporcionant suavitat fins i tot a les pells m\u00e9s necessitades. Aportant un c\u00f2ctel d\u2019antioxidants per a una acci\u00f3 antiedat completa.     <\/p>\n","protected":false},"author":2,"featured_media":0,"comment_status":"open","ping_status":"open","sticky":false,"template":"","format":"standard","meta":{"footnotes":""},"categories":[298],"tags":[],"class_list":["post-9567","post","type-post","status-publish","format-standard","hentry","category-rituals"],"yoast_head":"<!-- This site is optimized with the Yoast SEO plugin v27.4 - https:\/\/yoast.com\/product\/yoast-seo-wordpress\/ -->\n<title>Organic Mindfulness Ritual - Equilibrium<\/title>\n<meta name=\"robots\" content=\"index, follow, max-snippet:-1, max-image-preview:large, max-video-preview:-1\" \/>\n<link rel=\"canonical\" href=\"https:\/\/estetica-equilibrium.com\/ca\/organic-mindfulness-ritual\/\" \/>\n<meta property=\"og:locale\" content=\"ca_ES\" \/>\n<meta property=\"og:type\" content=\"article\" \/>\n<meta property=\"og:title\" content=\"Organic Mindfulness Ritual - Equilibrium\" \/>\n<meta property=\"og:description\" content=\"Ens complau oferir aquest ritual combinant el nostre millor tractament de rostre i cos, un collage de textures, de frag\u00e0ncies, de maniobres i sensacions. Un motiu per estimar el teu cos i dedicar-li tota l\u2019atenci\u00f3 que mereix. \u00c9s una ocasi\u00f3 per experimentar l\u2019energia d\u2019un massatge que transforma el teu estat d\u2019\u00e0nim. \u00c9s m\u00e0gia que transforma la teva pell. Proporcionant suavitat fins i tot a les pells m\u00e9s necessitades. Aportant un c\u00f2ctel d\u2019antioxidants per a una acci\u00f3 antiedat completa.\" \/>\n<meta property=\"og:url\" content=\"https:\/\/estetica-equilibrium.com\/ca\/organic-mindfulness-ritual\/\" \/>\n<meta property=\"og:site_name\" content=\"Equilibrium\" \/>\n<meta property=\"article:published_time\" content=\"2021-09-15T13:49:02+00:00\" \/>\n<meta property=\"article:modified_time\" content=\"2026-03-14T14:25:40+00:00\" \/>\n<meta name=\"author\" content=\"adminequilibrium\" \/>\n<meta name=\"twitter:card\" content=\"summary_large_image\" \/>\n<meta name=\"twitter:label1\" content=\"Escrit per\" \/>\n\t<meta name=\"twitter:data1\" content=\"adminequilibrium\" \/>\n<!-- \/ Yoast SEO plugin. -->","yoast_head_json":{"title":"Organic Mindfulness Ritual - Equilibrium","robots":{"index":"index","follow":"follow","max-snippet":"max-snippet:-1","max-image-preview":"max-image-preview:large","max-video-preview":"max-video-preview:-1"},"canonical":"https:\/\/estetica-equilibrium.com\/ca\/organic-mindfulness-ritual\/","og_locale":"ca_ES","og_type":"article","og_title":"Organic Mindfulness Ritual - Equilibrium","og_description":"Ens complau oferir aquest ritual combinant el nostre millor tractament de rostre i cos, un collage de textures, de frag\u00e0ncies, de maniobres i sensacions. Un motiu per estimar el teu cos i dedicar-li tota l\u2019atenci\u00f3 que mereix. \u00c9s una ocasi\u00f3 per experimentar l\u2019energia d\u2019un massatge que transforma el teu estat d\u2019\u00e0nim. \u00c9s m\u00e0gia que transforma la teva pell. Proporcionant suavitat fins i tot a les pells m\u00e9s necessitades. Aportant un c\u00f2ctel d\u2019antioxidants per a una acci\u00f3 antiedat completa.","og_url":"https:\/\/estetica-equilibrium.com\/ca\/organic-mindfulness-ritual\/","og_site_name":"Equilibrium","article_published_time":"2021-09-15T13:49:02+00:00","article_modified_time":"2026-03-14T14:25:40+00:00","author":"adminequilibrium","twitter_card":"summary_large_image","twitter_misc":{"Escrit per":"adminequilibrium"},"schema":{"@context":"https:\/\/schema.org","@graph":[{"@type":"Article","@id":"https:\/\/estetica-equilibrium.com\/ca\/organic-mindfulness-ritual\/#article","isPartOf":{"@id":"https:\/\/estetica-equilibrium.com\/ca\/organic-mindfulness-ritual\/"},"author":{"name":"adminequilibrium","@id":"https:\/\/estetica-equilibrium.com\/ca\/#\/schema\/person\/8c5c235e3fd2af4979e175253855b3f6"},"headline":"Organic Mindfulness Ritual","datePublished":"2021-09-15T13:49:02+00:00","dateModified":"2026-03-14T14:25:40+00:00","mainEntityOfPage":{"@id":"https:\/\/estetica-equilibrium.com\/ca\/organic-mindfulness-ritual\/"},"wordCount":59,"commentCount":0,"articleSection":["Rituals"],"inLanguage":"ca"},{"@type":"WebPage","@id":"https:\/\/estetica-equilibrium.com\/ca\/organic-mindfulness-ritual\/","url":"https:\/\/estetica-equilibrium.com\/ca\/organic-mindfulness-ritual\/","name":"Organic Mindfulness Ritual - Equilibrium","isPartOf":{"@id":"https:\/\/estetica-equilibrium.com\/ca\/#website"},"datePublished":"2021-09-15T13:49:02+00:00","dateModified":"2026-03-14T14:25:40+00:00","author":{"@id":"https:\/\/estetica-equilibrium.com\/ca\/#\/schema\/person\/8c5c235e3fd2af4979e175253855b3f6"},"breadcrumb":{"@id":"https:\/\/estetica-equilibrium.com\/ca\/organic-mindfulness-ritual\/#breadcrumb"},"inLanguage":"ca","potentialAction":[{"@type":"ReadAction","target":["https:\/\/estetica-equilibrium.com\/ca\/organic-mindfulness-ritual\/"]}]},{"@type":"BreadcrumbList","@id":"https:\/\/estetica-equilibrium.com\/ca\/organic-mindfulness-ritual\/#breadcrumb","itemListElement":[{"@type":"ListItem","position":1,"name":"Portada","item":"https:\/\/estetica-equilibrium.com\/ca\/centre-estetica-les-franqueses\/"},{"@type":"ListItem","position":2,"name":"Organic Mindfulness Ritual"}]},{"@type":"WebSite","@id":"https:\/\/estetica-equilibrium.com\/ca\/#website","url":"https:\/\/estetica-equilibrium.com\/ca\/","name":"Equilibrium","description":"Est\u00e9tica avanzada","potentialAction":[{"@type":"SearchAction","target":{"@type":"EntryPoint","urlTemplate":"https:\/\/estetica-equilibrium.com\/ca\/?s={search_term_string}"},"query-input":{"@type":"PropertyValueSpecification","valueRequired":true,"valueName":"search_term_string"}}],"inLanguage":"ca"},{"@type":"Person","@id":"https:\/\/estetica-equilibrium.com\/ca\/#\/schema\/person\/8c5c235e3fd2af4979e175253855b3f6","name":"adminequilibrium"}]}},"_links":{"self":[{"href":"https:\/\/estetica-equilibrium.com\/ca\/wp-json\/wp\/v2\/posts\/9567","targetHints":{"allow":["GET"]}}],"collection":[{"href":"https:\/\/estetica-equilibrium.com\/ca\/wp-json\/wp\/v2\/posts"}],"about":[{"href":"https:\/\/estetica-equilibrium.com\/ca\/wp-json\/wp\/v2\/types\/post"}],"author":[{"embeddable":true,"href":"https:\/\/estetica-equilibrium.com\/ca\/wp-json\/wp\/v2\/users\/2"}],"replies":[{"embeddable":true,"href":"https:\/\/estetica-equilibrium.com\/ca\/wp-json\/wp\/v2\/comments?post=9567"}],"version-history":[{"count":5,"href":"https:\/\/estetica-equilibrium.com\/ca\/wp-json\/wp\/v2\/posts\/9567\/revisions"}],"predecessor-version":[{"id":9572,"href":"https:\/\/estetica-equilibrium.com\/ca\/wp-json\/wp\/v2\/posts\/9567\/revisions\/9572"}],"wp:attachment":[{"href":"https:\/\/estetica-equilibrium.com\/ca\/wp-json\/wp\/v2\/media?parent=9567"}],"wp:term":[{"taxonomy":"category","embeddable":true,"href":"https:\/\/estetica-equilibrium.com\/ca\/wp-json\/wp\/v2\/categories?post=9567"},{"taxonomy":"post_tag","embeddable":true,"href":"https:\/\/estetica-equilibrium.com\/ca\/wp-json\/wp\/v2\/tags?post=9567"}],"curies":[{"name":"wp","href":"https:\/\/api.w.org\/{rel}","templated":true}]}}